{"id":1041,"date":"2024-05-06T08:04:20","date_gmt":"2024-05-06T06:04:20","guid":{"rendered":"https:\/\/addyet.xyz\/nicht-kategorisiert\/rheingehaeckt-episode-14"},"modified":"2026-01-05T10:53:01","modified_gmt":"2026-01-05T09:53:01","slug":"rheingehaeckt-episode-14","status":"publish","type":"post","link":"https:\/\/www.at-yet.de\/en\/podcasts\/rheingehaeckt-episode-14","title":{"rendered":"R(h)eingehaeckt &#8211; Episode 14"},"content":{"rendered":"<div class=\"wpb-content-wrapper\">[vc_row][vc_column][vc_column_text css=&#8221;&#8221;]\n<div class=\"section section--episodeHeaderRegular svelte-1cj8vg9 without-bottom-spacing\" data-testid=\"section-container\" aria-label=\"Im Spotlight\" aria-hidden=\"false\">\n<div class=\"shelf-content\" data-testid=\"shelf-content\">\n<div class=\"container-detail-header svelte-1uuona0 container-detail-header--no-description\" data-testid=\"container-detail-header\">\n<div class=\"headings svelte-1uuona0\">\n<div class=\"section section--episodeHeaderRegular svelte-1cj8vg9 without-bottom-spacing\" data-testid=\"section-container\" aria-label=\"Im Spotlight\" aria-hidden=\"false\">\n<div class=\"shelf-content\" data-testid=\"shelf-content\">\n<div class=\"container-detail-header svelte-1uuona0 container-detail-header--no-description\" data-testid=\"container-detail-header\">\n<div class=\"headings svelte-1uuona0\">\n<p class=\"headings__title svelte-1uuona0\" data-testid=\"non-editable-product-title\"><span dir=\"auto\"><strong>Clinics and hospitals &#8211; attack from the dark<\/strong><br \/>\n(with Dr. Nicolas Kr\u00e4mer, CEO of HC&amp;S AG)<\/span><\/p>\n<\/div>\n<p><\/div>\n<p><\/div>\n<p><\/div>\n<p><\/div>\n<p><\/div>\n<p><\/div>\n<p><\/div>\n[\/vc_column_text]<div class=\"vcex-spacing wpex-w-100 wpex-clear\"><\/div>[vc_column_text css=&#8221;&#8221;]Why are hospitals and clinics increasingly becoming the target of cyber attacks? How does the current geopolitical situation affect this? What can clinics do to better protect themselves against attacks? We discussed these and other questions with Dr. Nicolas Kr\u00e4mer, CEO of HC&amp;S AG and expert in hospital management.<\/p>\n<p><strong>Please note: This podcast is available in german only.<\/strong>[\/vc_column_text][\/vc_column][\/vc_row][vc_row][vc_column][vc_single_image image=&#8221;2088&#8243; img_size=&#8221;400px&#8221; alignment=&#8221;center&#8221; css=&#8221;.vc_custom_1767347064723{background-color: #00056E !important;}&#8221;]<div class=\"vcex-shortcode wpex-clr\"><div class=\"sc_fancy_player_container\"><audio class=\"wp-audio-shortcode\" id=\"audio-1041-1\" preload=\"none\" style=\"width: 100%;\" controls=\"controls\"><source type=\"audio\/mpeg\" src=\"https:\/\/www.at-yet.de\/wp-content\/uploads\/podcasts\/rheingehaeckt-folge-014-2024-05-06-kraemer.mp3?_=1\" \/><a href=\"https:\/\/www.at-yet.de\/wp-content\/uploads\/podcasts\/rheingehaeckt-folge-014-2024-05-06-kraemer.mp3\">https:\/\/www.at-yet.de\/wp-content\/uploads\/podcasts\/rheingehaeckt-folge-014-2024-05-06-kraemer.mp3<\/a><\/audio><\/div><\/div>[\/vc_column][\/vc_row]\n<\/div>","protected":false},"excerpt":{"rendered":"<p>[vc_row][vc_column][vc_column_text css=&#8221;&#8221;] Clinics and hospitals &#8211; attack from the dark (with Dr. Nicolas Kr\u00e4mer, CEO of HC&amp;S AG) [\/vc_column_text][vc_column_text css=&#8221;&#8221;]Why are hospitals and clinics increasingly becoming the target of cyber attacks? How does the current geopolitical situation affect this? What can clinics do to better protect themselves against attacks? We discussed these and other questions&hellip;<\/p>\n","protected":false},"author":1,"featured_media":2088,"comment_status":"closed","ping_status":"open","sticky":false,"template":"","format":"standard","meta":{"inline_featured_image":false,"footnotes":""},"categories":[16],"tags":[],"class_list":["post-1041","post","type-post","status-publish","format-standard","has-post-thumbnail","hentry","category-podcasts","entry","has-media"],"yoast_head":"<!-- This site is optimized with the Yoast SEO Premium plugin v27.5 (Yoast SEO v27.5) - https:\/\/yoast.com\/product\/yoast-seo-premium-wordpress\/ -->\n<title>R(h)eingehaeckt - Episode 14 - @-yet<\/title>\n<meta name=\"robots\" content=\"index, follow, max-snippet:-1, max-image-preview:large, max-video-preview:-1\" \/>\n<link rel=\"canonical\" href=\"https:\/\/www.at-yet.de\/en\/podcasts\/rheingehaeckt-episode-14\" \/>\n<meta property=\"og:locale\" content=\"en_US\" \/>\n<meta property=\"og:type\" content=\"article\" \/>\n<meta property=\"og:title\" content=\"R(h)eingehaeckt - Episode 14\" \/>\n<meta property=\"og:description\" content=\"[vc_row][vc_column][vc_column_text css=&#8221;&#8221;] Clinics and hospitals &#8211; attack from the dark (with Dr. Nicolas Kr\u00e4mer, CEO of HC&amp;S AG) [\/vc_column_text][vc_column_text css=&#8221;&#8221;]Why are hospitals and clinics increasingly becoming the target of cyber attacks? How does the current geopolitical situation affect this? What can clinics do to better protect themselves against attacks? We discussed these and other questions&hellip;\" \/>\n<meta property=\"og:url\" content=\"https:\/\/www.at-yet.de\/en\/podcasts\/rheingehaeckt-episode-14\" \/>\n<meta property=\"og:site_name\" content=\"@-yet\" \/>\n<meta property=\"article:published_time\" content=\"2024-05-06T06:04:20+00:00\" \/>\n<meta property=\"article:modified_time\" content=\"2026-01-05T09:53:01+00:00\" \/>\n<meta property=\"og:image\" content=\"https:\/\/www.at-yet.de\/wp-content\/uploads\/2024\/05\/rheingehaeckt-folge-14.jpg\" \/>\n\t<meta property=\"og:image:width\" content=\"800\" \/>\n\t<meta property=\"og:image:height\" content=\"800\" \/>\n\t<meta property=\"og:image:type\" content=\"image\/jpeg\" \/>\n<meta name=\"author\" content=\"Klaus Wockenfoth\" \/>\n<meta name=\"twitter:card\" content=\"summary_large_image\" \/>\n<meta name=\"twitter:label1\" content=\"Written by\" \/>\n\t<meta name=\"twitter:data1\" content=\"Klaus Wockenfoth\" \/>\n\t<meta name=\"twitter:label2\" content=\"Est. reading time\" \/>\n\t<meta name=\"twitter:data2\" content=\"1 minute\" \/>\n<script type=\"application\/ld+json\" class=\"yoast-schema-graph\">{\"@context\":\"https:\\\/\\\/schema.org\",\"@graph\":[{\"@type\":\"Article\",\"@id\":\"https:\\\/\\\/www.at-yet.de\\\/en\\\/podcasts\\\/rheingehaeckt-episode-14#article\",\"isPartOf\":{\"@id\":\"https:\\\/\\\/www.at-yet.de\\\/en\\\/podcasts\\\/rheingehaeckt-episode-14\"},\"author\":{\"name\":\"Klaus Wockenfoth\",\"@id\":\"https:\\\/\\\/www.at-yet.de\\\/en#\\\/schema\\\/person\\\/4476e1bba4e87ea6a9ef5b7be0c388e2\"},\"headline\":\"R(h)eingehaeckt &#8211; Episode 14\",\"datePublished\":\"2024-05-06T06:04:20+00:00\",\"dateModified\":\"2026-01-05T09:53:01+00:00\",\"mainEntityOfPage\":{\"@id\":\"https:\\\/\\\/www.at-yet.de\\\/en\\\/podcasts\\\/rheingehaeckt-episode-14\"},\"wordCount\":154,\"publisher\":{\"@id\":\"https:\\\/\\\/www.at-yet.de\\\/en#organization\"},\"image\":{\"@id\":\"https:\\\/\\\/www.at-yet.de\\\/en\\\/podcasts\\\/rheingehaeckt-episode-14#primaryimage\"},\"thumbnailUrl\":\"https:\\\/\\\/www.at-yet.de\\\/wp-content\\\/uploads\\\/2024\\\/05\\\/rheingehaeckt-folge-14.jpg\",\"articleSection\":[\"Podcasts\"],\"inLanguage\":\"en-US\"},{\"@type\":\"WebPage\",\"@id\":\"https:\\\/\\\/www.at-yet.de\\\/en\\\/podcasts\\\/rheingehaeckt-episode-14\",\"url\":\"https:\\\/\\\/www.at-yet.de\\\/en\\\/podcasts\\\/rheingehaeckt-episode-14\",\"name\":\"R(h)eingehaeckt - Episode 14 - @-yet\",\"isPartOf\":{\"@id\":\"https:\\\/\\\/www.at-yet.de\\\/en#website\"},\"primaryImageOfPage\":{\"@id\":\"https:\\\/\\\/www.at-yet.de\\\/en\\\/podcasts\\\/rheingehaeckt-episode-14#primaryimage\"},\"image\":{\"@id\":\"https:\\\/\\\/www.at-yet.de\\\/en\\\/podcasts\\\/rheingehaeckt-episode-14#primaryimage\"},\"thumbnailUrl\":\"https:\\\/\\\/www.at-yet.de\\\/wp-content\\\/uploads\\\/2024\\\/05\\\/rheingehaeckt-folge-14.jpg\",\"datePublished\":\"2024-05-06T06:04:20+00:00\",\"dateModified\":\"2026-01-05T09:53:01+00:00\",\"breadcrumb\":{\"@id\":\"https:\\\/\\\/www.at-yet.de\\\/en\\\/podcasts\\\/rheingehaeckt-episode-14#breadcrumb\"},\"inLanguage\":\"en-US\",\"potentialAction\":[{\"@type\":\"ReadAction\",\"target\":[\"https:\\\/\\\/www.at-yet.de\\\/en\\\/podcasts\\\/rheingehaeckt-episode-14\"]}]},{\"@type\":\"ImageObject\",\"inLanguage\":\"en-US\",\"@id\":\"https:\\\/\\\/www.at-yet.de\\\/en\\\/podcasts\\\/rheingehaeckt-episode-14#primaryimage\",\"url\":\"https:\\\/\\\/www.at-yet.de\\\/wp-content\\\/uploads\\\/2024\\\/05\\\/rheingehaeckt-folge-14.jpg\",\"contentUrl\":\"https:\\\/\\\/www.at-yet.de\\\/wp-content\\\/uploads\\\/2024\\\/05\\\/rheingehaeckt-folge-14.jpg\",\"width\":800,\"height\":800,\"caption\":\"Ank\u00fcndigungsgrafik f\u00fcr die f\u00fcnfzehnte Folge des Podcasts \\\"R(h)eingeh\u00e4ckt\\\" mit Dr. Nicolas Kr\u00e4mer (HC & S AG)\"},{\"@type\":\"BreadcrumbList\",\"@id\":\"https:\\\/\\\/www.at-yet.de\\\/en\\\/podcasts\\\/rheingehaeckt-episode-14#breadcrumb\",\"itemListElement\":[{\"@type\":\"ListItem\",\"position\":1,\"name\":\"Home\",\"item\":\"https:\\\/\\\/www.at-yet.de\\\/en\"},{\"@type\":\"ListItem\",\"position\":2,\"name\":\"R(h)eingehaeckt &#8211; Episode 14\"}]},{\"@type\":\"WebSite\",\"@id\":\"https:\\\/\\\/www.at-yet.de\\\/en#website\",\"url\":\"https:\\\/\\\/www.at-yet.de\\\/en\",\"name\":\"@-yet\",\"description\":\"\",\"publisher\":{\"@id\":\"https:\\\/\\\/www.at-yet.de\\\/en#organization\"},\"potentialAction\":[{\"@type\":\"SearchAction\",\"target\":{\"@type\":\"EntryPoint\",\"urlTemplate\":\"https:\\\/\\\/www.at-yet.de\\\/en?s={search_term_string}\"},\"query-input\":{\"@type\":\"PropertyValueSpecification\",\"valueRequired\":true,\"valueName\":\"search_term_string\"}}],\"inLanguage\":\"en-US\"},{\"@type\":\"Organization\",\"@id\":\"https:\\\/\\\/www.at-yet.de\\\/en#organization\",\"name\":\"@-yet\",\"url\":\"https:\\\/\\\/www.at-yet.de\\\/en\",\"logo\":{\"@type\":\"ImageObject\",\"inLanguage\":\"en-US\",\"@id\":\"https:\\\/\\\/www.at-yet.de\\\/en#\\\/schema\\\/logo\\\/image\\\/\",\"url\":\"https:\\\/\\\/www.at-yet.de\\\/wp-content\\\/uploads\\\/2025\\\/07\\\/add_yet_Logo.svg\",\"contentUrl\":\"https:\\\/\\\/www.at-yet.de\\\/wp-content\\\/uploads\\\/2025\\\/07\\\/add_yet_Logo.svg\",\"caption\":\"@-yet\"},\"image\":{\"@id\":\"https:\\\/\\\/www.at-yet.de\\\/en#\\\/schema\\\/logo\\\/image\\\/\"},\"sameAs\":[\"https:\\\/\\\/www.linkedin.com\\\/company\\\/at-yet\\\/\"]},{\"@type\":\"Person\",\"@id\":\"https:\\\/\\\/www.at-yet.de\\\/en#\\\/schema\\\/person\\\/4476e1bba4e87ea6a9ef5b7be0c388e2\",\"name\":\"Klaus Wockenfoth\",\"sameAs\":[\"https:\\\/\\\/www.at-yet.de\"],\"url\":\"https:\\\/\\\/www.at-yet.de\\\/en\\\/author\\\/klaus-wockenfoth\"}]}<\/script>\n<!-- \/ Yoast SEO Premium plugin. -->","yoast_head_json":{"title":"R(h)eingehaeckt - Episode 14 - @-yet","robots":{"index":"index","follow":"follow","max-snippet":"max-snippet:-1","max-image-preview":"max-image-preview:large","max-video-preview":"max-video-preview:-1"},"canonical":"https:\/\/www.at-yet.de\/en\/podcasts\/rheingehaeckt-episode-14","og_locale":"en_US","og_type":"article","og_title":"R(h)eingehaeckt - Episode 14","og_description":"[vc_row][vc_column][vc_column_text css=&#8221;&#8221;] Clinics and hospitals &#8211; attack from the dark (with Dr. Nicolas Kr\u00e4mer, CEO of HC&amp;S AG) [\/vc_column_text][vc_column_text css=&#8221;&#8221;]Why are hospitals and clinics increasingly becoming the target of cyber attacks? How does the current geopolitical situation affect this? What can clinics do to better protect themselves against attacks? We discussed these and other questions&hellip;","og_url":"https:\/\/www.at-yet.de\/en\/podcasts\/rheingehaeckt-episode-14","og_site_name":"@-yet","article_published_time":"2024-05-06T06:04:20+00:00","article_modified_time":"2026-01-05T09:53:01+00:00","og_image":[{"width":800,"height":800,"url":"https:\/\/www.at-yet.de\/wp-content\/uploads\/2024\/05\/rheingehaeckt-folge-14.jpg","type":"image\/jpeg"}],"author":"Klaus Wockenfoth","twitter_card":"summary_large_image","twitter_misc":{"Written by":"Klaus Wockenfoth","Est. reading time":"1 minute"},"schema":{"@context":"https:\/\/schema.org","@graph":[{"@type":"Article","@id":"https:\/\/www.at-yet.de\/en\/podcasts\/rheingehaeckt-episode-14#article","isPartOf":{"@id":"https:\/\/www.at-yet.de\/en\/podcasts\/rheingehaeckt-episode-14"},"author":{"name":"Klaus Wockenfoth","@id":"https:\/\/www.at-yet.de\/en#\/schema\/person\/4476e1bba4e87ea6a9ef5b7be0c388e2"},"headline":"R(h)eingehaeckt &#8211; Episode 14","datePublished":"2024-05-06T06:04:20+00:00","dateModified":"2026-01-05T09:53:01+00:00","mainEntityOfPage":{"@id":"https:\/\/www.at-yet.de\/en\/podcasts\/rheingehaeckt-episode-14"},"wordCount":154,"publisher":{"@id":"https:\/\/www.at-yet.de\/en#organization"},"image":{"@id":"https:\/\/www.at-yet.de\/en\/podcasts\/rheingehaeckt-episode-14#primaryimage"},"thumbnailUrl":"https:\/\/www.at-yet.de\/wp-content\/uploads\/2024\/05\/rheingehaeckt-folge-14.jpg","articleSection":["Podcasts"],"inLanguage":"en-US"},{"@type":"WebPage","@id":"https:\/\/www.at-yet.de\/en\/podcasts\/rheingehaeckt-episode-14","url":"https:\/\/www.at-yet.de\/en\/podcasts\/rheingehaeckt-episode-14","name":"R(h)eingehaeckt - Episode 14 - @-yet","isPartOf":{"@id":"https:\/\/www.at-yet.de\/en#website"},"primaryImageOfPage":{"@id":"https:\/\/www.at-yet.de\/en\/podcasts\/rheingehaeckt-episode-14#primaryimage"},"image":{"@id":"https:\/\/www.at-yet.de\/en\/podcasts\/rheingehaeckt-episode-14#primaryimage"},"thumbnailUrl":"https:\/\/www.at-yet.de\/wp-content\/uploads\/2024\/05\/rheingehaeckt-folge-14.jpg","datePublished":"2024-05-06T06:04:20+00:00","dateModified":"2026-01-05T09:53:01+00:00","breadcrumb":{"@id":"https:\/\/www.at-yet.de\/en\/podcasts\/rheingehaeckt-episode-14#breadcrumb"},"inLanguage":"en-US","potentialAction":[{"@type":"ReadAction","target":["https:\/\/www.at-yet.de\/en\/podcasts\/rheingehaeckt-episode-14"]}]},{"@type":"ImageObject","inLanguage":"en-US","@id":"https:\/\/www.at-yet.de\/en\/podcasts\/rheingehaeckt-episode-14#primaryimage","url":"https:\/\/www.at-yet.de\/wp-content\/uploads\/2024\/05\/rheingehaeckt-folge-14.jpg","contentUrl":"https:\/\/www.at-yet.de\/wp-content\/uploads\/2024\/05\/rheingehaeckt-folge-14.jpg","width":800,"height":800,"caption":"Ank\u00fcndigungsgrafik f\u00fcr die f\u00fcnfzehnte Folge des Podcasts \"R(h)eingeh\u00e4ckt\" mit Dr. Nicolas Kr\u00e4mer (HC & S AG)"},{"@type":"BreadcrumbList","@id":"https:\/\/www.at-yet.de\/en\/podcasts\/rheingehaeckt-episode-14#breadcrumb","itemListElement":[{"@type":"ListItem","position":1,"name":"Home","item":"https:\/\/www.at-yet.de\/en"},{"@type":"ListItem","position":2,"name":"R(h)eingehaeckt &#8211; Episode 14"}]},{"@type":"WebSite","@id":"https:\/\/www.at-yet.de\/en#website","url":"https:\/\/www.at-yet.de\/en","name":"@-yet","description":"","publisher":{"@id":"https:\/\/www.at-yet.de\/en#organization"},"potentialAction":[{"@type":"SearchAction","target":{"@type":"EntryPoint","urlTemplate":"https:\/\/www.at-yet.de\/en?s={search_term_string}"},"query-input":{"@type":"PropertyValueSpecification","valueRequired":true,"valueName":"search_term_string"}}],"inLanguage":"en-US"},{"@type":"Organization","@id":"https:\/\/www.at-yet.de\/en#organization","name":"@-yet","url":"https:\/\/www.at-yet.de\/en","logo":{"@type":"ImageObject","inLanguage":"en-US","@id":"https:\/\/www.at-yet.de\/en#\/schema\/logo\/image\/","url":"https:\/\/www.at-yet.de\/wp-content\/uploads\/2025\/07\/add_yet_Logo.svg","contentUrl":"https:\/\/www.at-yet.de\/wp-content\/uploads\/2025\/07\/add_yet_Logo.svg","caption":"@-yet"},"image":{"@id":"https:\/\/www.at-yet.de\/en#\/schema\/logo\/image\/"},"sameAs":["https:\/\/www.linkedin.com\/company\/at-yet\/"]},{"@type":"Person","@id":"https:\/\/www.at-yet.de\/en#\/schema\/person\/4476e1bba4e87ea6a9ef5b7be0c388e2","name":"Klaus Wockenfoth","sameAs":["https:\/\/www.at-yet.de"],"url":"https:\/\/www.at-yet.de\/en\/author\/klaus-wockenfoth"}]}},"_links":{"self":[{"href":"https:\/\/www.at-yet.de\/en\/wp-json\/wp\/v2\/posts\/1041","targetHints":{"allow":["GET"]}}],"collection":[{"href":"https:\/\/www.at-yet.de\/en\/wp-json\/wp\/v2\/posts"}],"about":[{"href":"https:\/\/www.at-yet.de\/en\/wp-json\/wp\/v2\/types\/post"}],"author":[{"embeddable":true,"href":"https:\/\/www.at-yet.de\/en\/wp-json\/wp\/v2\/users\/1"}],"replies":[{"embeddable":true,"href":"https:\/\/www.at-yet.de\/en\/wp-json\/wp\/v2\/comments?post=1041"}],"version-history":[{"count":14,"href":"https:\/\/www.at-yet.de\/en\/wp-json\/wp\/v2\/posts\/1041\/revisions"}],"predecessor-version":[{"id":2220,"href":"https:\/\/www.at-yet.de\/en\/wp-json\/wp\/v2\/posts\/1041\/revisions\/2220"}],"wp:featuredmedia":[{"embeddable":true,"href":"https:\/\/www.at-yet.de\/en\/wp-json\/wp\/v2\/media\/2088"}],"wp:attachment":[{"href":"https:\/\/www.at-yet.de\/en\/wp-json\/wp\/v2\/media?parent=1041"}],"wp:term":[{"taxonomy":"category","embeddable":true,"href":"https:\/\/www.at-yet.de\/en\/wp-json\/wp\/v2\/categories?post=1041"},{"taxonomy":"post_tag","embeddable":true,"href":"https:\/\/www.at-yet.de\/en\/wp-json\/wp\/v2\/tags?post=1041"}],"curies":[{"name":"wp","href":"https:\/\/api.w.org\/{rel}","templated":true}]}}